{"id":65085,"date":"2025-02-21T09:41:18","date_gmt":"2025-02-21T08:41:18","guid":{"rendered":"https:\/\/amcham.com.al\/?p=65085"},"modified":"2025-02-21T09:41:19","modified_gmt":"2025-02-21T08:41:19","slug":"amcham-percjell-ne-komisionin-e-prodhimit-komentet-per-projektligjin-e-pergjegjesise-se-zgjeruar-te-prodhuesve","status":"publish","type":"post","link":"https:\/\/amcham.com.al\/sq\/amcham-percjell-ne-komisionin-e-prodhimit-komentet-per-projektligjin-e-pergjegjesise-se-zgjeruar-te-prodhuesve\/","title":{"rendered":"AmCham p\u00ebrcjell n\u00eb Komisionin e Prodhimit komentet p\u00ebr projektligjin e p\u00ebrgjegj\u00ebsis\u00eb s\u00eb zgjeruar t\u00eb prodhuesve"},"content":{"rendered":"\n<p>Dhoma Amerikane ka p\u00ebrcjell\u00eb p\u00ebrmes Kryetares s\u00eb Komitetit t\u00eb Taksave, Alketa Uruci, n\u00eb Komisionin p\u00ebr Veprimtarit\u00eb Prodhuese, Tregtin\u00eb dhe Mjedisin, komentet lidhur me projektligjin \u201cP\u00ebr p\u00ebrgjegj\u00ebsit\u00eb e zgjeruara t\u00eb subjekteve prodhuese t\u00eb produkteve q\u00eb gjenerojn\u00eb mbetje\u201d<\/p>\n\n\n\n<p>Znj. Uruci theksoi se ligji n\u00eb gjendjen aktuale jo vet\u00ebm nuk \u00ebsht\u00eb konsultuar me organizatat e biznesit por shfaq disa mangesi teknike q\u00eb e b\u00ebjn\u00eb ata t\u00eb pazbatuesh\u00ebm dhe p\u00ebr rrjedhoj\u00eb nuk realizon q\u00ebllimin p\u00ebr t\u00eb ndikuar n\u00eb ruajtjen e ambjentit. Projektligji duhet t\u00eb trajtohet si pjes\u00eb e ligjit p\u00ebr Menaxhimin e Mbetjeve t\u00eb Integruara i cili nuk \u00ebsht\u00eb miratuar akoma duke e b\u00ebr\u00eb m\u00eb konfuz zbatimin e tij. Dhoma Amerikane k\u00ebrkoi shtyrjen e miratimit t\u00eb k\u00ebtij projektligji p\u00eb t\u00eb patur mund\u00ebsin\u00eb e reflektimit t\u00eb t\u00eb gjitha shqet\u00ebsimeve q\u00eb vijn\u00eb nga biznesi dhe q\u00eb e b\u00ebjn\u00eb m\u00eb efikas zbatimin e tij.<\/p>\n\n\n\n<div data-wp-interactive=\"core\/file\" class=\"wp-block-file\"><object data-wp-bind--hidden=\"!state.hasPdfPreview\" hidden class=\"wp-block-file__embed\" data=\"https:\/\/amcham.com.al\/wp-content\/uploads\/2025\/02\/2.1-Leter-Komisionet_Komente-lidhur-me-projektligjin-Per-zbatimin-e-pergjegjesive-te-zgjeruara-te-prodhuesit_shkurt-2025.pdf\" type=\"application\/pdf\" style=\"width:100%;height:600px\" aria-label=\"Embed of 2.1 Leter Komisionet_Komente lidhur me projektligjin P\u00ebr zbatimin e p\u00ebrgjegj\u00ebsive t\u00eb zgjeruara t\u00eb prodhuesit_shkurt 2025.\"><\/object><a id=\"wp-block-file--media-c4099cf9-2835-491d-ab91-459b45f58a3f\" href=\"https:\/\/amcham.com.al\/wp-content\/uploads\/2025\/02\/2.1-Leter-Komisionet_Komente-lidhur-me-projektligjin-Per-zbatimin-e-pergjegjesive-te-zgjeruara-te-prodhuesit_shkurt-2025.pdf\">2.1 Leter Komisionet_Komente lidhur me projektligjin P\u00ebr zbatimin e p\u00ebrgjegj\u00ebsive t\u00eb zgjeruara t\u00eb prodhuesit_shkurt 2025<\/a><a href=\"https:\/\/amcham.com.al\/wp-content\/uploads\/2025\/02\/2.1-Leter-Komisionet_Komente-lidhur-me-projektligjin-Per-zbatimin-e-pergjegjesive-te-zgjeruara-te-prodhuesit_shkurt-2025.pdf\" class=\"wp-block-file__button wp-element-button\" download aria-describedby=\"wp-block-file--media-c4099cf9-2835-491d-ab91-459b45f58a3f\">Download<\/a><\/div>\n","protected":false},"excerpt":{"rendered":"<p>Dhoma Amerikane ka p\u00ebrcjell\u00eb p\u00ebrmes Kryetares s\u00eb Komitetit t\u00eb Taksave, Alketa Uruci, n\u00eb Komisionin p\u00ebr Veprimtarit\u00eb Prodhuese, Tregtin\u00eb dhe Mjedisin, komentet lidhur me projektligjin \u201cP\u00ebr p\u00ebrgjegj\u00ebsit\u00eb e zgjeruara t\u00eb subjekteve prodhuese t\u00eb produkteve q\u00eb gjenerojn\u00eb mbetje\u201d Znj. Uruci theksoi se ligji n\u00eb gjendjen aktuale jo vet\u00ebm nuk \u00ebsht\u00eb konsultuar me organizatat e biznesit por shfaq [&hellip;]<\/p>\n","protected":false},"author":15,"featured_media":65083,"comment_status":"closed","ping_status":"closed","sticky":false,"template":"","format":"standard","meta":{"_acf_changed":false,"_seopress_robots_primary_cat":"none","_seopress_titles_title":"","_seopress_titles_desc":"","_seopress_robots_index":"","inline_featured_image":false,"footnotes":""},"categories":[333,322,324],"tags":[],"class_list":["post-65085","post","type-post","status-publish","format-standard","has-post-thumbnail","hentry","category-blogu","category-lajme","category-slaidet","post-wrapper","thrv_wrapper"],"acf":[],"_links":{"self":[{"href":"https:\/\/amcham.com.al\/sq\/wp-json\/wp\/v2\/posts\/65085","targetHints":{"allow":["GET"]}}],"collection":[{"href":"https:\/\/amcham.com.al\/sq\/wp-json\/wp\/v2\/posts"}],"about":[{"href":"https:\/\/amcham.com.al\/sq\/wp-json\/wp\/v2\/types\/post"}],"author":[{"embeddable":true,"href":"https:\/\/amcham.com.al\/sq\/wp-json\/wp\/v2\/users\/15"}],"replies":[{"embeddable":true,"href":"https:\/\/amcham.com.al\/sq\/wp-json\/wp\/v2\/comments?post=65085"}],"version-history":[{"count":0,"href":"https:\/\/amcham.com.al\/sq\/wp-json\/wp\/v2\/posts\/65085\/revisions"}],"wp:featuredmedia":[{"embeddable":true,"href":"https:\/\/amcham.com.al\/sq\/wp-json\/wp\/v2\/media\/65083"}],"wp:attachment":[{"href":"https:\/\/amcham.com.al\/sq\/wp-json\/wp\/v2\/media?parent=65085"}],"wp:term":[{"taxonomy":"category","embeddable":true,"href":"https:\/\/amcham.com.al\/sq\/wp-json\/wp\/v2\/categories?post=65085"},{"taxonomy":"post_tag","embeddable":true,"href":"https:\/\/amcham.com.al\/sq\/wp-json\/wp\/v2\/tags?post=65085"}],"curies":[{"name":"wp","href":"https:\/\/api.w.org\/{rel}","templated":true}]}}