{"id":32532,"date":"2022-12-02T08:57:35","date_gmt":"2022-12-02T07:57:35","guid":{"rendered":"https:\/\/amcham.com.al\/?p=32532"},"modified":"2022-12-02T08:57:37","modified_gmt":"2022-12-02T07:57:37","slug":"grate-ne-biznes-dhe-ne-udheheqje-pwc-albania","status":"publish","type":"post","link":"https:\/\/amcham.com.al\/sq\/grate-ne-biznes-dhe-ne-udheheqje-pwc-albania\/","title":{"rendered":"<strong>Grat\u00eb n\u00eb Biznes dhe n\u00eb Udh\u00ebheqje &#8211; PwC Albania<\/strong>"},"content":{"rendered":"\n<p><\/p>\n\n\n\n<p><\/p>\n\n\n\n<p>PriceWaterhouseCoopers Albania (PwC) organizoi dje n\u00eb Tiran\u00eb takimin me tem\u00eb: \u201cGrat\u00eb n\u00eb Biznes dhe n\u00eb Udh\u00ebheqje\u201d, i cili mblodhi s\u00eb bashku personalitete t\u00eb profilit t\u00eb lart\u00eb nga sektori publik dhe privat, akademia dhe shoq\u00ebria civile, me nj\u00eb diskutim t\u00eb fokusuar kryesisht n\u00eb integrimin gjinor n\u00eb Shqip\u00ebri dhe kalimin e barazis\u00eb gjinore n\u00eb axhend\u00ebn kryesore p\u00ebr t\u00eb gjitha nivelet e politikb\u00ebrjes dhe vendimarrjes.<\/p>\n\n\n\n<p>Diversiteti dhe p\u00ebrfshirja \u00ebsht\u00eb pjes\u00eb e strategjis\u00eb globale t\u00eb zhvilimit q\u00eb rrjeti profesional i PwC ka p\u00ebrqafuar. Kultura e gjith\u00ebp\u00ebrfshirjes vendos fokusin tek punonj\u00ebsit e shoq\u00ebrive, si aseti m\u00eb i r\u00ebnd\u00ebsish\u00ebm n\u00eb biznesin e PwC dhe q\u00eb p\u00ebrfaq\u00ebson vler\u00ebn e shtuar p\u00ebr bashk\u00ebpun\u00ebtor\u00ebt e grupit. P\u00ebr k\u00ebt\u00eb q\u00ebllim, nd\u00ebr vite jan\u00eb nd\u00ebrmarr\u00eb nisma t\u00eb ndryshme t\u00eb cilat i p\u00ebrgjigjen nevojave t\u00eb individit n\u00eb nj\u00eb shoq\u00ebri q\u00eb ndryshon shpejt dhe n\u00ebp\u00ebrmjet k\u00ebtyre \u00ebsht\u00eb synuar t\u00eb japet kontribut n\u00eb modelin e t\u00eb b\u00ebrit biznes dhe drejtuesve. Duke qen\u00eb se vajzat dhe grat\u00eb p\u00ebrb\u00ebjn\u00eb numrin m\u00eb t\u00eb madh t\u00eb punonj\u00ebsve dhe rangjeve drejtuese t\u00eb PwC, mbrojtja e fuqizimi i tyre merr vler\u00eb edhe m\u00eb t\u00eb ve\u00e7ant\u00eb. PwC Albania mb\u00ebshtet plot\u00ebsisht parimet mbi fuqizimin e grave t\u00eb Organizat\u00ebs s\u00eb Kombeve t\u00eb Bashkuara p\u00ebr Grat\u00eb (UN Women) dhe me n\u00ebnshkrimin e tyre para pak muajsh i \u00ebsht\u00eb bashkuar grupit t\u00eb n\u00ebshkruesve q\u00eb synojn\u00eb t\u00eb promovojn\u00eb barazin\u00eb gjinore n\u00eb vendin e pun\u00ebs e m\u00eb gjer\u00eb.<\/p>\n\n\n\n<p>Gjat\u00eb k\u00ebtyre viteve e n\u00eb linj\u00eb me t\u00eb gjith\u00eb iniciativat m\u00eb lart, PwC Shqip\u00ebri dhe Kosov\u00eb ka realizuar nj\u00eb s\u00ebr\u00eb takimesh dhe eventesh online, nd\u00ebrkoh\u00eb q\u00eb takimi i djesh\u00ebm sh\u00ebnon aktivitetin e par\u00eb me pjes\u00ebmarrje t\u00eb gjer\u00eb t\u00eb realizuar fizikisht pas pandemis\u00eb.<\/p>\n\n\n\n<p>Partnerja menaxhuese e PwC Albania dhe Kosovo, Loreta Pe\u00e7i hapi takimin me fjal\u00ebn e saj p\u00ebrsh\u00ebndet\u00ebse duke falenderuar t\u00eb gjith\u00eb panelist\u00ebt dhe pjes\u00ebmarr\u00ebsit. N\u00eb rolin e drejtueses s\u00eb PwC p\u00ebr Shqip\u00ebri dhe Kosov\u00eb, znj.Pe\u00e7i ndau eksperienc\u00ebn dhe kontributin e saj mbi kultur\u00ebn e diversitetit dhe gjith\u00ebp\u00ebrfshirjes s\u00eb PwC. Znj.Pe\u00e7i vuri theksin mbi r\u00ebnd\u00ebsin\u00eb e p\u00ebrfshirjes s\u00eb vajzave dhe grave n\u00eb t\u00eb gjitha sferat e shoq\u00ebris\u00eb, si dhe rolin q\u00eb t\u00eb pal\u00ebt e interesit kan\u00eb n\u00eb mb\u00ebshtetjen e m\u00ebtejshme t\u00eb grave, n\u00eb fuqizimin e tyre ekonomik dhe zhvillimin e karrier\u00ebs. Gjat\u00eb fjal\u00ebs s\u00eb saj si paneliste, Loreta Pe\u00e7i ndau me audienc\u00ebn disa nga studimet dhe nismat e nd\u00ebrmarra nga rrjeti PwC n\u00eb nivel lokal e nd\u00ebrkomb\u00ebtar, t\u00eb cilat ofrojn\u00eb t\u00eb dh\u00ebna ky\u00e7e p\u00ebr tregjet e pun\u00ebs, efektet e pandemis\u00eb n\u00eb barazin\u00eb gjinore dhe kontributin e PwC n\u00eb k\u00ebt\u00eb fush\u00eb. Fol\u00ebsit n\u00eb cil\u00ebsin\u00eb e pozicioneve t\u00eb tyre, si p\u00ebrfaq\u00ebsues t\u00eb qeveris\u00eb qendrore, vendore, sektorit privat, jet\u00ebs akademike dhe sip\u00ebrmarrjes, ndan\u00eb p\u00ebrvojat e tyre profesionale dhe personale mbi temat e barazis\u00eb gjinore dhe integrimit gjinor. Me tej, theksi u vendos tek r\u00ebnd\u00ebsia thelb\u00ebsore q\u00eb luan edukimi mbi rolin e vajzave dhe grave n\u00eb shoq\u00ebri si dhe potencialin q\u00eb bashk\u00ebpunimi i t\u00eb gjith\u00eb aktor\u00ebve n\u00eb shoq\u00ebri mbart p\u00ebr t\u00eb arritur q\u00ebllimet e d\u00ebshiruara.<\/p>\n\n\n\n<p>Panelist\u00ebt treguan gjithashtu se si autoritetet dhe shoq\u00ebrite q\u00eb ata p\u00ebrfaq\u00ebsojn\u00eb kan\u00eb politikat mbi barazin\u00eb gjinore pjes\u00eb t\u00eb axhend\u00ebs s\u00eb tyre dhe duke ndjekur praktikat m\u00eb t\u00eb mira p\u00ebr t\u00eb arritur nj\u00eb p\u00ebrfaq\u00ebsim sa m\u00eb t\u00eb denj\u00eb t\u00eb vajzave dhe grave n\u00eb rolet drejtuese.<\/p>\n\n\n\n<p><strong>Rreth aktivitetit<\/strong><\/p>\n\n\n\n<p>N\u00eb k\u00ebt\u00eb aktivitet mor\u00ebn pjes\u00eb rreth 50 t\u00eb ftuar, p\u00ebrfaq\u00ebsues nga kabinete qeveritare, nga shoq\u00ebri t\u00eb r\u00ebnd\u00ebsishme p\u00ebr tregun shqiptar, p\u00ebrfaq\u00ebsues t\u00eb rangjeve diplomatike dhe jet\u00ebs akademike t\u00eb cil\u00ebt nd\u00ebrvepruan me panelist\u00ebt, ndan\u00eb pik\u00ebpamjet e tyre dhe ngrit\u00ebn \u00e7\u00ebshtje p\u00ebr diskutim.<\/p>\n\n\n\n<p><strong>Rreth PwC<\/strong><\/p>\n\n\n\n<p>N\u00eb PwC, q\u00ebllimi yn\u00eb \u00ebsht\u00eb t\u00eb krijojm\u00eb besim n\u00eb shoq\u00ebri dhe t\u00eb zgjidhim probleme t\u00eb r\u00ebnd\u00ebsishme. Ne jemi nj\u00eb rrjet firmash n\u00eb 152 shtete dhe rreth 328,000 punonj\u00ebs t\u00eb cil\u00ebt jan\u00eb t\u00eb p\u00ebrkushtuar p\u00ebr t\u00eb ofruar cil\u00ebsi n\u00eb sh\u00ebrbimet e auditimit, k\u00ebshillimit financiar, fiskal dhe ligjor. Prezenca jon\u00eb n\u00eb Shqip\u00ebri \u00ebsht\u00eb nga viti 2005<\/p>\n\n\n\n<p><\/p>\n","protected":false},"excerpt":{"rendered":"<p>PriceWaterhouseCoopers Albania (PwC) organizoi dje n\u00eb Tiran\u00eb takimin me tem\u00eb: \u201cGrat\u00eb n\u00eb Biznes dhe n\u00eb Udh\u00ebheqje\u201d, i cili mblodhi s\u00eb bashku personalitete t\u00eb profilit t\u00eb lart\u00eb nga sektori publik dhe privat, akademia dhe shoq\u00ebria civile, me nj\u00eb diskutim t\u00eb fokusuar kryesisht n\u00eb integrimin gjinor n\u00eb Shqip\u00ebri dhe kalimin e barazis\u00eb gjinore n\u00eb axhend\u00ebn kryesore p\u00ebr [&hellip;]<\/p>\n","protected":false},"author":6,"featured_media":32383,"comment_status":"open","ping_status":"open","sticky":false,"template":"","format":"standard","meta":{"_acf_changed":false,"_seopress_robots_primary_cat":"none","_seopress_titles_title":"","_seopress_titles_desc":"","_seopress_robots_index":"","inline_featured_image":false,"footnotes":""},"categories":[335],"tags":[],"class_list":["post-32532","post","type-post","status-publish","format-standard","has-post-thumbnail","hentry","category-lajme-nga-antaret","post-wrapper","thrv_wrapper"],"acf":[],"_links":{"self":[{"href":"https:\/\/amcham.com.al\/sq\/wp-json\/wp\/v2\/posts\/32532","targetHints":{"allow":["GET"]}}],"collection":[{"href":"https:\/\/amcham.com.al\/sq\/wp-json\/wp\/v2\/posts"}],"about":[{"href":"https:\/\/amcham.com.al\/sq\/wp-json\/wp\/v2\/types\/post"}],"author":[{"embeddable":true,"href":"https:\/\/amcham.com.al\/sq\/wp-json\/wp\/v2\/users\/6"}],"replies":[{"embeddable":true,"href":"https:\/\/amcham.com.al\/sq\/wp-json\/wp\/v2\/comments?post=32532"}],"version-history":[{"count":0,"href":"https:\/\/amcham.com.al\/sq\/wp-json\/wp\/v2\/posts\/32532\/revisions"}],"wp:featuredmedia":[{"embeddable":true,"href":"https:\/\/amcham.com.al\/sq\/wp-json\/wp\/v2\/media\/32383"}],"wp:attachment":[{"href":"https:\/\/amcham.com.al\/sq\/wp-json\/wp\/v2\/media?parent=32532"}],"wp:term":[{"taxonomy":"category","embeddable":true,"href":"https:\/\/amcham.com.al\/sq\/wp-json\/wp\/v2\/categories?post=32532"},{"taxonomy":"post_tag","embeddable":true,"href":"https:\/\/amcham.com.al\/sq\/wp-json\/wp\/v2\/tags?post=32532"}],"curies":[{"name":"wp","href":"https:\/\/api.w.org\/{rel}","templated":true}]}}