{"id":29872,"date":"2020-04-30T15:27:56","date_gmt":"2020-04-30T15:27:56","guid":{"rendered":"https:\/\/amcham.com.al\/covid-19-economic-news-30-04-2020\/"},"modified":"2022-01-31T16:38:54","modified_gmt":"2022-01-31T15:38:54","slug":"covid-19-lajmet-ekonomike-30-04-2020","status":"publish","type":"post","link":"https:\/\/amcham.com.al\/sq\/covid-19-lajmet-ekonomike-30-04-2020\/","title":{"rendered":"COVID-19 Lajmet Ekonomike &#8211; 30.04.2020"},"content":{"rendered":"\n<figure class=\"wp-block-image size-large\"><img decoding=\"async\" src=\"https:\/\/amcham.com.al\/wp-content\/uploads\/2020\/09\/Economic-News-30-prill.jpg\" alt=\"\" class=\"wp-image-13526\"\/><figcaption><br><\/figcaption><\/figure>\n\n\n\n<p><a href=\"https:\/\/www.monitor.al\/nga-neser-rihapen-aplikimet-per-ndihmen-financiare-te-paketes-nr-1\/\"><em>Applications\nfor financial assistance of Package No. 1 are reopened<\/em><em> \u2013 Monitor.al<\/em><em><\/em><\/a><\/p>\n\n\n\n<p>All taxpayers and individuals\nwho have not been able to apply to benefit from the first financial aid package\n&#8220;DCM No. 254 dated 27.03.2020&#8221;, will have a second chance. The\nGeneral Directorate of Taxes announces that applications will be reopened from\ntomorrow, 30.04.2020 and will continue to be active until 05.05.2020.<\/p>\n\n\n\n<p>&#8212;-<\/p>\n\n\n\n<p>T\u00eb gjith\u00eb tatimpaguesit dhe\nindivid\u00ebt t\u00eb cil\u00ebt nuk kan\u00eb mundur t\u00eb aplikojn\u00eb p\u00ebr t\u00eb p\u00ebrfituar nga paketa e\npar\u00eb e ndihm\u00ebs financiare \u201cVKM Nr.254 dat\u00eb 27.03.2020\u201d, do t\u00eb ken\u00eb nj\u00eb mund\u00ebsi\nt\u00eb dyt\u00eb. Drejtoria e P\u00ebrgjithshme e Tatimeve njofton q\u00eb aplikimet do t\u00eb rihapen\nnga dita e nes\u00ebrme, dat\u00eb 30.04.2020 dhe do t\u00eb vazhdojn\u00eb t\u00eb jen\u00eb aktive deri n\u00eb\ndat\u00eb 05.05.2020.<\/p>\n\n\n\n<p><a href=\"https:\/\/www.monitor.al\/rama-deri-te-premten-njoftohen-zonat-e-reja-gjelbra-nga-11-maji-do-shqyrtojme-hapjen-graduale-te-korridoreve-ajrore-e-tokesore\/\"><em>Rama:\nUntil Friday, the new green areas will be announced, from May 11 we will review\nthe gradual opening of air corridors and bars<\/em><em> \u2013 Monitor.al<\/em><\/a><\/p>\n\n\n\n<p>The opening of the country\nwill continue with great care and from May 11 we will have a greater expansion,\nsaid Prime Minister Rama during a conversation today on Facebook. He added that\nwe are waiting for the proposal for the expansion of green areas, which meet\nthe established criteria. By Friday we will have a conclusion and we will\nannounce the new green areas.<\/p>\n\n\n\n<p>&#8212;-<\/p>\n\n\n\n<p>Hapja e vendit do t\u00eb vazhdoj\u00eb\nme shum\u00eb kujdes dhe nga 11 maji do t\u00eb kemi nj\u00eb zgjerim m\u00eb t\u00eb madh, tha\nkryeministri Rama gjat\u00eb nj\u00eb bashk\u00ebbisedimi sot n\u00eb facebook.<\/p>\n\n\n\n<p>Ai shtoi se po presim\npropozimin p\u00ebr zgjerimin e zonave t\u00eb gjelbra, q\u00eb i plot\u00ebsojn\u00eb kriteret e\nvendosura. Deri dit\u00ebn e premte do t\u00eb kemi nj\u00eb konkluzion dhe do t\u00eb njoftojm\u00eb\np\u00ebr zonat e reja t\u00eb gjelb\u00ebrta.<\/p>\n\n\n\n<p><a href=\"https:\/\/tvklan.al\/operatoret-turistike-gati-per-sezonin\/\"><em>Tour operators, ready for the season<\/em><\/a><em> -tvklan.al<\/em><em><\/em><\/p>\n\n\n\n<p>The head of Tourist Operators\nfor the south of the country, Vasil Bedini, says that they already have the\npackages ready. &#8220;We are on standby and we are with our full packages, we\nare just waiting for the decision of the Ministry of Health or the Task Force\ngroup to come out. &#8220;Our constant demand has been for Vlora to be seen and\nopened as soon as possible, considering it a green city.&#8221;<\/p>\n\n\n\n<p>&#8212;-<\/p>\n\n\n\n<p>Kreu i Operatoreve Turistik\np\u00ebr jugun e vendit, Vasil Bedini, shprehet se tashm\u00eb i kan\u00eb gati edhe paketat.\n\u201cN\u00eb jemi n\u00eb gatishm\u00ebri dhe jemi me paketat tona t\u00eb plota thjesht presim se kur\ndo t\u00eb dal\u00eb vendimi i Ministris\u00eb s\u00eb Sh\u00ebndet\u00ebsis\u00eb apo grupit t\u00eb Task Forc\u00ebs.\nK\u00ebrkesa jon\u00eb e vazhdueshme ka qen\u00eb q\u00eb Vlora t\u00eb shifet dhe t\u00eb hapet sa m\u00eb\nshpejt, duke e konsideruar si nj\u00eb qytet t\u00eb gjelb\u00ebrt\u201d.<\/p>\n\n\n\n<p><a href=\"https:\/\/www.monitor.al\/skemat-pese-menyrat-si-u-pastruan-para-ne-2019-nga-ndertimi-e-bizneset-fiktive-tek-call-center\/\"><em>Schemes,\nfive ways money was laundered in 2019, from building fictitious businesses to\ncall center<\/em><em> \u2013\nMonitor.al<\/em><\/a><\/p>\n\n\n\n<p>The General Directorate for\nthe Prevention of Money Laundering reported that in 2019 there were at least\nfive typologies considered risky for money laundering and terrorist financing\nand referred to law enforcement agencies for further investigation.<\/p>\n\n\n\n<p>&#8212;-<\/p>\n\n\n\n<p>Drejtoria e P\u00ebrgjithshme e\nParandalimit t\u00eb Pastrimit t\u00eb Parave raportoi se n\u00eb vitin 2019 jan\u00eb v\u00ebrejtur t\u00eb\npakt\u00ebn pes\u00eb tipologji t\u00eb konsideruara me risk p\u00ebr pastrim parash dhe financim\nterrorizimi dhe t\u00eb referuara n\u00eb organet ligjzbatuese p\u00ebr hetime t\u00eb m\u00ebtejshme.<\/p>\n\n\n\n<p><a href=\"https:\/\/exit.al\/en\/2020\/04\/30\/albanian-government-wont-manage-eu-funds-for-school-reconstruction\/\"><em>Albanian\nGovernment Won\u2019t Manage EU Funds for School Reconstruction<\/em><em> \u2013 Exit.al<\/em><\/a><\/p>\n\n\n\n<p>When contacted, the UNDP in\nAlbania confirmed that \u201cthe evaluation panels for all procurement processes\nwill be composed of UNDP and does not foresee participation from the\nGovernment.\u201d<\/p>\n\n\n\n<p>&#8212;-<\/p>\n\n\n\n<p>Kur u kontaktua, UNDP n\u00eb\nShqip\u00ebri konfirmoi se &#8220;panelet e vler\u00ebsimit p\u00ebr t\u00eb gjitha proceset e\nprokurimit do t\u00eb p\u00ebrb\u00ebhen nga UNDP dhe nuk parashikojn\u00eb pjes\u00ebmarrje nga\nQeveria.&#8221;<\/p>\n\n\n\n<p><a href=\"https:\/\/www.monitor.al\/ilo-ndersa-humbjet-e-vendeve-te-punes-pershkallezohen-gati-gjysma-e-fuqise-punetore-globale-ne-rrezik-per-te-humbur-jetesen\/\"><em>ILO:\nAs job losses escalate, nearly half of global workforce at risk of losing their\nlivelihoods<\/em><em> \u2013\nMonitor.al <\/em><\/a><\/p>\n\n\n\n<p>The steady decline in global\nworking hours due to the outbreak of COVID-19 means that 1.6 billion workers in\nthe informal economy &#8211; almost half of the global workforce &#8211; are at high risk\nof destroying their livelihoods, as warns the International Labor Organization.\nAccording to the &#8220;<a href=\"https:\/\/www.ilo.org\/wcmsp5\/groups\/public\/---dgreports\/---dcomm\/documents\/briefingnote\/wcms_743146.pdf\">Third Edition of ILO Monitor: COVID-19 and\nthe world of work<\/a>&#8220;,\nthe drop in working hours in the (second) quarter of 2020 is expected to be\nsignificantly more severe than previously estimated.<\/p>\n\n\n\n<p>&#8212;-<\/p>\n\n\n\n<p>R\u00ebnia e vazhdueshme dhe e\nforte e or\u00ebve te pun\u00ebs ne nivel global p\u00ebr shkak t\u00eb shp\u00ebrthimit t\u00eb COVID-19, do\nt\u00eb thot\u00eb q\u00eb 1.6 miliard\u00eb pun\u00ebtor\u00eb n\u00eb ekonomin\u00eb informale \u2013 gati gjysma e fuqis\u00eb\npun\u00ebtore globale \u2013 jan\u00eb n\u00eb rrezik t\u00eb fort\u00eb t\u00eb shkat\u00ebrrimit t\u00eb jetes\u00ebs s\u00eb tyre,\nparalajm\u00ebron Organizata Nd\u00ebrkomb\u00ebtare e Pun\u00ebs. Sipas \u201c<a href=\"https:\/\/www.ilo.org\/wcmsp5\/groups\/public\/---dgreports\/---dcomm\/documents\/briefingnote\/wcms_743146.pdf\">Edicionit t\u00eb tret\u00eb t\u00eb ILO Monitor:\nCOVID-19 dhe bota e pun\u00ebs<\/a>\u201d, r\u00ebnia ne oret e pun\u00ebs n\u00eb tremujorin (t\u00eb dyt\u00eb) t\u00eb vitit\n2020 pritet t\u00eb jet\u00eb duksh\u00ebm m\u00eb e rende sesa vler\u00ebsohej m\u00eb par\u00eb.<\/p>\n","protected":false},"excerpt":{"rendered":"<p>Applications for financial assistance of Package No. 1 are reopened \u2013 Monitor.al All taxpayers and individuals who have not been able to apply to benefit from the first financial aid package &#8220;DCM No. 254 dated 27.03.2020&#8221;, will have a second chance. The General Directorate of Taxes announces that applications will be reopened from tomorrow, 30.04.2020 [&hellip;]<\/p>\n","protected":false},"author":5,"featured_media":27812,"comment_status":"open","ping_status":"open","sticky":false,"template":"","format":"standard","meta":{"_acf_changed":false,"_seopress_robots_primary_cat":"none","_seopress_titles_title":"","_seopress_titles_desc":"","_seopress_robots_index":"","inline_featured_image":false,"footnotes":""},"categories":[330],"tags":[],"class_list":["post-29872","post","type-post","status-publish","format-standard","has-post-thumbnail","hentry","category-covid-19-sq","post-wrapper","thrv_wrapper"],"acf":[],"_links":{"self":[{"href":"https:\/\/amcham.com.al\/sq\/wp-json\/wp\/v2\/posts\/29872","targetHints":{"allow":["GET"]}}],"collection":[{"href":"https:\/\/amcham.com.al\/sq\/wp-json\/wp\/v2\/posts"}],"about":[{"href":"https:\/\/amcham.com.al\/sq\/wp-json\/wp\/v2\/types\/post"}],"author":[{"embeddable":true,"href":"https:\/\/amcham.com.al\/sq\/wp-json\/wp\/v2\/users\/5"}],"replies":[{"embeddable":true,"href":"https:\/\/amcham.com.al\/sq\/wp-json\/wp\/v2\/comments?post=29872"}],"version-history":[{"count":0,"href":"https:\/\/amcham.com.al\/sq\/wp-json\/wp\/v2\/posts\/29872\/revisions"}],"wp:featuredmedia":[{"embeddable":true,"href":"https:\/\/amcham.com.al\/sq\/wp-json\/wp\/v2\/media\/27812"}],"wp:attachment":[{"href":"https:\/\/amcham.com.al\/sq\/wp-json\/wp\/v2\/media?parent=29872"}],"wp:term":[{"taxonomy":"category","embeddable":true,"href":"https:\/\/amcham.com.al\/sq\/wp-json\/wp\/v2\/categories?post=29872"},{"taxonomy":"post_tag","embeddable":true,"href":"https:\/\/amcham.com.al\/sq\/wp-json\/wp\/v2\/tags?post=29872"}],"curies":[{"name":"wp","href":"https:\/\/api.w.org\/{rel}","templated":true}]}}