{"id":29832,"date":"2020-05-21T17:18:05","date_gmt":"2020-05-21T17:18:05","guid":{"rendered":"https:\/\/amcham.com.al\/covid-19-economic-news-21-05-2020\/"},"modified":"2022-01-31T16:00:37","modified_gmt":"2022-01-31T15:00:37","slug":"covid-19-lajmet-ekonomike-21-05-2020","status":"publish","type":"post","link":"https:\/\/amcham.com.al\/sq\/covid-19-lajmet-ekonomike-21-05-2020\/","title":{"rendered":"COVID-19 Lajmet Ekonomike &#8211; 21.05.2020"},"content":{"rendered":"\n<figure class=\"wp-block-image size-large\"><img decoding=\"async\" src=\"https:\/\/amcham.com.al\/wp-content\/uploads\/2020\/09\/Economic-News-21.05.2020.jpg\" alt=\"\" class=\"wp-image-13688\"\/><figcaption><br><\/figcaption><\/figure>\n\n\n\n<p><a href=\"https:\/\/www.monitor.al\/rama-brenda-majit-vendi-do-te-jete-i-hapur-teresisht\/\"><em>Rama: By May, the country will be completely\nopen \u2013 Monitor.al<\/em><em><\/em><\/a><\/p>\n\n\n\n<p>Prime Minister Edi Rama told parliament that within May Albania will be\nfully open, while the country will be preparing for the new tourist season.<\/p>\n\n\n\n<p>&#8212;-<\/p>\n\n\n\n<p>Kryeministri Edi Rama tha ne parlament se brenda muajit maj Shqip\u00ebria\ndo t\u00eb jet\u00eb e hapur ter\u00ebsisht, nd\u00ebrsa vendi do t\u00eb p\u00ebrgatitet p\u00ebr sezonin e ri\nturistik.<\/p>\n\n\n\n<p><a href=\"https:\/\/www.monitor.al\/nga-janari-2021-bankat-raportojne-ne-bsh-emrat-e-20-kredimarresve-me-te-medhenj\/\"><em>From January 2021, banks report to the BoA\nthe names of the 20 largest borrowers \u2013 Monitor.al<\/em><em><\/em><\/a><\/p>\n\n\n\n<p>Starting from January next year, commercial banks in our country will\nreport every three months to the Bank of Albania the 20 largest borrowers.\nReporting is being done in the context of amending the Regulation on Large\nExhibitions which is currently in the consultation phase.<\/p>\n\n\n\n<p>&#8212;-<\/p>\n\n\n\n<p>Duke nisur q\u00eb nga janari i vitit q\u00eb vjen bankat tregtare n\u00eb vendin ton\u00eb\ndo t\u00eb raportojn\u00eb \u00e7do tre muaj n\u00eb Bank\u00ebn e Shqip\u00ebris\u00eb 20 kredimarr\u00ebsit m\u00eb t\u00eb\nm\u00ebdhenj. Raportimi po b\u00ebhet n\u00eb kuad\u00ebr t\u00eb ndryshimit t\u00eb Rregullores p\u00ebr\nEkspozimet e m\u00ebdha q\u00eb aktualisht \u00ebsht\u00eb n\u00eb faz\u00eb konsultimi.<\/p>\n\n\n\n<p><a href=\"https:\/\/www.monitor.al\/tenderet-ne-2019-n-bizneset-ankimuan-procedura-me-fond-limit-total-243-milione-euro\/\"><em>Tenders, in 2019 businesses complained\nprocedures with a total limit fund of 243 million euros \u2013 Monitor.al<\/em><em><\/em><\/a><\/p>\n\n\n\n<p>Economic operators who assessed that the conditions set in the tenders\ndid not treat them equally, or the evaluation of bids was not fair, have filed\na complaint with the Public Procurement Commission. In total, the limit fund\nfor all the appealed procedures is over 243 million euros, which is 27 percent\nof the total procurement fund that was developed in 2019.<\/p>\n\n\n\n<p>&#8212;-<\/p>\n\n\n\n<p>Operator\u00ebt ekonomik\u00eb q\u00eb kan\u00eb vler\u00ebsuar se kushtet e vendosura n\u00eb\ntendera nuk i trajtonin n\u00eb m\u00ebnyr\u00eb t\u00eb barabart\u00eb, apo vler\u00ebsimi i ofertave nuk\nishte i drejt\u00eb, kan\u00eb paraqitur ankes\u00eb pran\u00eb Komsionit t\u00eb Prokurimit Publik. N\u00eb\ntotal fondi limit p\u00ebr t\u00eb gjith\u00eb procedurat e ankimuara \u00ebsht\u00eb mbi 243 milion\u00eb\neuro \u00e7ka p\u00ebrb\u00ebn 27 p\u00ebr qind t\u00eb fondit total t\u00eb prokurimeve q\u00eb jan\u00eb zhvilluar n\u00eb\nvitin 2019.<\/p>\n\n\n\n<p><a href=\"https:\/\/www.monitor.al\/gjobe-50-mije-leke-per-punedhenesit-qe-nuk-aplikojne-per-ndihmen-financiare-te-punonjesve\/\"><em>Fine of 50 thousand ALL for employers who do\nnot apply for financial assistance to employees \u2013 Monitor.al<\/em><em><\/em><\/a><\/p>\n\n\n\n<p>The <a href=\"http:\/\/kryeministria.al\/newsroom\/akt-normativ-i-miratuar-ne-mbledhjen-e-keshillit-te-ministrave-date-13-maj-2020\/\">Council of Ministers has\ndecided<\/a> to fine employers who do\nnot apply for financial assistance to their employees with an amount of 50\nthousand ALL. This administrative measure is sanctioned in some changes and\nadditions to the normative act no.3, dated 15.3.202020.<\/p>\n\n\n\n<p>&#8212;-<\/p>\n\n\n\n<p><a href=\"http:\/\/kryeministria.al\/newsroom\/akt-normativ-i-miratuar-ne-mbledhjen-e-keshillit-te-ministrave-date-13-maj-2020\/\">K\u00ebshilli i Ministrave ka\nvendosur<\/a> t\u00eb gjobis\u00eb pun\u00ebdh\u00ebn\u00ebsit\nq\u00eb nuk aplikojn\u00eb p\u00ebr ndihm\u00ebn financiare t\u00eb punonj\u00ebsve t\u00eb tyre me nj\u00eb shum\u00eb prej\n50 mij\u00eb lek\u00ebsh.&nbsp; Kjo mas\u00eb administrative\nsanksionohet n\u00eb disa ndryshime dhe shtesa n\u00eb AKTIN NORMATIV NR.3, DAT\u00cb\n15.3.2020.<\/p>\n\n\n\n<p><em><a href=\"http:\/\/www.scan-tv.com\/te-unifikohet-tvsh-ja-ne-bujqesi-propozimet-e-kash-karburant-dhe-lende-djegese-me-cmim-te-reduktuar\/\">Unify\nVAT in agriculture! &#8211; MTEF Proposals: Fuel at a reduced price \u2013 Scan-tv.com<\/a><\/em><\/p>\n\n\n\n<p>The Albanian Agribusiness Council has drafted a series of concrete\nrequests and proposals to the government in order to provide a support package\nfor the agricultural sector, which also serves to improve all the weak links in\nthe food chain. KASH estimates that the improvement of the current situation in\nthe links of the food chain, cannot and will not be faced with only 2 aid\npackages that are currently being financially supported directly from the state\nbudget, as this sector has not been a beneficiary.<\/p>\n\n\n\n<p>&#8212;-<\/p>\n\n\n\n<p>K\u00ebshilli i Agrobiznesit Shqiptar ka hartuar nj\u00eb s\u00ebr\u00eb k\u00ebrkesash dhe\npropozimesh konkrete drejtuar qeveris\u00eb&nbsp;\nme q\u00ebllim ofrimin e nj\u00eb pakete mb\u00ebshtetje p\u00ebr sektorin bujq\u00ebsor, e cila\nu sh\u00ebrben nj\u00ebkoh\u00ebsisht p\u00ebrmir\u00ebsimit n\u00eb t\u00eb gjitha hallkave e dob\u00ebta t\u00eb zinxhirit\nushqimor. KASH vler\u00ebson se p\u00ebrmir\u00ebsimi situat\u00ebs aktuale n\u00eb hallkat e zinxhirit\nushqimor, nuk mund dhe nuk do t\u00eb p\u00ebrballohet vet\u00ebm me 2 paketat e ndihm\u00ebs q\u00eb\naktualisht po mb\u00ebshteten financiarisht drejtp\u00ebrdrejt nga buxhetit i shtetit,\npasi ky sektor nuk ka qen\u00eb p\u00ebrfitues.<\/p>\n\n\n\n<p><a href=\"http:\/\/www.scan-tv.com\/aftesite-ne-pune-jemi-me-mire-se-rajoni-raporti-i-bb-dhe-wiiw-pune-ka-por-ska-profesioniste-vlen-me-pak-ne-shqiperi\/\"><em>Skills at work, we are better than the\nregion &#8211; WB and Wiiw report: &#8220;There are jobs, but no professionals&#8221;\nis less valid in Albania \u2013 Scan-tv.com<\/em><em><\/em><\/a><\/p>\n\n\n\n<p>The latest report from the Vienna Institute for International Economic\nStudies (Wiiw) and the World Bank on employment trends in the region shows\nthat, yes, the problem exists, and is even deeper, but not as deep as in other\ncountries in the region.<\/p>\n\n\n\n<p>&#8212;-<\/p>\n\n\n\n<p>Raporti m\u00eb i fundit i Institutit t\u00eb Vien\u00ebs p\u00ebr Studime Ekonomike\nNd\u00ebrkomb\u00ebtare (Wiiw) dhe Bank\u00ebs Bot\u00ebrore p\u00ebr tendencat e pun\u00ebsimit n\u00eb rajon,\ntregon se, po, problematika ekziston, e madje \u00ebsht\u00eb e thell\u00eb, por jo aq sa n\u00eb vendet\ne tjera t\u00eb rajonit.<\/p>\n\n\n\n<p><a href=\"https:\/\/www.monitor.al\/klosi-do-shohim-mundesine-e-rihapjes-per-turizmin-nga-1-qershori-kerkohet-qe-agjencite-te-japin-kupona-per-shtyrjen-e-pushimeve\/\"><em>Klosi: We will see the\npossibility of reopening tourism from June 1<sup>st<\/sup> ; Agencies are\nrequired to provide holiday coupons<\/em><\/a><em> <\/em><em>\u2013 Monitor.al<\/em><em><\/em><\/p>\n\n\n\n<p>Representatives of the Tourist Union announced that they held a meeting\nwith the Minister of Tourism Mr. Blendi Klosi, where they discussed the current\nsituation and plans for the reopening of tourism. Minister Klosi said that he\nwould personally engage in the implementation of the requirements and would\nlobby for the reopening to be possible starting from June 1, of course\nrespecting the protocols of anti-covid measures.<\/p>\n\n\n\n<p>&#8212;-<\/p>\n\n\n\n<p>P\u00ebrfaq\u00ebsuesit e Unionit Turistik njoftuan se zhvilluan nj\u00eb takim me\nMinistrin e Turizmit z.Blendi Klosi, ku diskutuan p\u00ebr situat\u00ebn aktuale dhe\nplaneve p\u00ebr rihapjen e turizmit.<\/p>\n\n\n\n<p>Ministri Klosi tha se do t\u00eb angazhohej personalisht p\u00ebr realizimin e\nk\u00ebrkesave dhe do loboj\u00eb q\u00eb rihapja t\u00eb b\u00ebhet e mundur duke filluar nga data 1\nqershor, sigurisht duke respektuar protokollet e masave anti covid.<\/p>\n","protected":false},"excerpt":{"rendered":"<p>Rama: By May, the country will be completely open \u2013 Monitor.al Prime Minister Edi Rama told parliament that within May Albania will be fully open, while the country will be preparing for the new tourist season. &#8212;- Kryeministri Edi Rama tha ne parlament se brenda muajit maj Shqip\u00ebria do t\u00eb jet\u00eb e hapur ter\u00ebsisht, nd\u00ebrsa [&hellip;]<\/p>\n","protected":false},"author":5,"featured_media":27812,"comment_status":"open","ping_status":"open","sticky":false,"template":"","format":"standard","meta":{"_acf_changed":false,"_seopress_robots_primary_cat":"none","_seopress_titles_title":"","_seopress_titles_desc":"","_seopress_robots_index":"","inline_featured_image":false,"footnotes":""},"categories":[330],"tags":[],"class_list":["post-29832","post","type-post","status-publish","format-standard","has-post-thumbnail","hentry","category-covid-19-sq","post-wrapper","thrv_wrapper"],"acf":[],"_links":{"self":[{"href":"https:\/\/amcham.com.al\/sq\/wp-json\/wp\/v2\/posts\/29832","targetHints":{"allow":["GET"]}}],"collection":[{"href":"https:\/\/amcham.com.al\/sq\/wp-json\/wp\/v2\/posts"}],"about":[{"href":"https:\/\/amcham.com.al\/sq\/wp-json\/wp\/v2\/types\/post"}],"author":[{"embeddable":true,"href":"https:\/\/amcham.com.al\/sq\/wp-json\/wp\/v2\/users\/5"}],"replies":[{"embeddable":true,"href":"https:\/\/amcham.com.al\/sq\/wp-json\/wp\/v2\/comments?post=29832"}],"version-history":[{"count":0,"href":"https:\/\/amcham.com.al\/sq\/wp-json\/wp\/v2\/posts\/29832\/revisions"}],"wp:featuredmedia":[{"embeddable":true,"href":"https:\/\/amcham.com.al\/sq\/wp-json\/wp\/v2\/media\/27812"}],"wp:attachment":[{"href":"https:\/\/amcham.com.al\/sq\/wp-json\/wp\/v2\/media?parent=29832"}],"wp:term":[{"taxonomy":"category","embeddable":true,"href":"https:\/\/amcham.com.al\/sq\/wp-json\/wp\/v2\/categories?post=29832"},{"taxonomy":"post_tag","embeddable":true,"href":"https:\/\/amcham.com.al\/sq\/wp-json\/wp\/v2\/tags?post=29832"}],"curies":[{"name":"wp","href":"https:\/\/api.w.org\/{rel}","templated":true}]}}